{"id":1524,"date":"2026-06-16T12:27:23","date_gmt":"2026-06-16T16:27:23","guid":{"rendered":"https:\/\/radiosansimon.umss.edu.bo\/?p=1524"},"modified":"2026-06-16T12:27:23","modified_gmt":"2026-06-16T16:27:23","slug":"senador-propone-ley-para-sancionar-con-carcel-el-incumplimiento-de-promesas-electorales","status":"publish","type":"post","link":"https:\/\/radiosansimon.umss.edu.bo\/index.php\/2026\/06\/16\/senador-propone-ley-para-sancionar-con-carcel-el-incumplimiento-de-promesas-electorales\/","title":{"rendered":"SENADOR PROPONE LEY PARA SANCIONAR CON C\u00c1RCEL EL INCUMPLIMIENTO DE PROMESAS ELECTORALES"},"content":{"rendered":"<p><b>COCHABAMBA \u2013 <\/b><span style=\"font-weight: 400;\">El proyecto de ley de Responsabilidad Electoral que busca\u00a0 que los candidatos electos a cargos nacionales y departamentales cumplan con sus promesas, fue presentado este pasado 12 de junio, como respuesta al recurrente olvido de los programas de gobierno una vez que las autoridades alcanzan el \u201cpoder\u00bb, as\u00ed lo mencion\u00f3 Wilder V\u00e9liz, Senador titular electo por el departamento de Cochabamba en representaci\u00f3n del Partido Dem\u00f3crata Cristiano (PDC).\u00a0<\/span><\/p>\n<p><b>Sanciones y control riguroso<\/b><\/p>\n<p><span style=\"font-weight: 400;\">La propuesta normativa contempla la creaci\u00f3n del Sistema P\u00fablico de Monitoreo Electoral, un organismo dependiente del \u00d3rgano Electoral Plurinacional (OEP) encargado de elaborar informes anuales sobre el grado de cumplimiento de los compromisos adquiridos durante las campa\u00f1as.<\/span><\/p>\n<p><span style=\"font-weight: 400;\">V\u00e9liz explic\u00f3 que el proyecto no solo busca la transparencia, sino que establece penas punitivas de libertad y sanciones econ\u00f3micas proporcionales al incumplimiento de los planes de gobierno. <\/span><span style=\"font-weight: 400;\">Adem\u00e1s, estos informes deber\u00e1n ser exhibidos p\u00fablicamente si la autoridad intenta postularse a una reelecci\u00f3n, permitiendo que la poblaci\u00f3n ejerza un \u201cvoto castigo\u201d basado en datos objetivos.<\/span><\/p>\n<p><b>La mentira como detonante de conflictos<\/b><\/p>\n<p><span style=\"font-weight: 400;\">El legislador justific\u00f3 la urgencia de esta ley se\u00f1alando que el incumplimiento de promesas es la ra\u00edz de la inestabilidad social en el pa\u00eds. Seg\u00fan el senador, \u201clos bloqueos simplemente existen ante el incumplimiento de los compromisos electorales\u201d.Cit\u00f3 como ejemplo la situaci\u00f3n de municipios como Sacaba, donde promesas de hospitales y plantas industriales no se concretaron tras varias gestiones, y la actual crisis de desabastecimiento de alimentos en ciudades como La Paz debido a las medidas de presi\u00f3n<\/span><\/p>\n<p><b>Un llamado a la celeridad legislativa<\/b><\/p>\n<p><span style=\"font-weight: 400;\">V\u00e9liz inst\u00f3 a la C\u00e1mara de Senadores a tratar este proyecto con la misma premura con la que se abordaron otras normativas recientes, como la regulaci\u00f3n de los estados de excepci\u00f3n. El senador enfatiz\u00f3 que la ley deber\u00eda tener un car\u00e1cter retroactivo para que las actuales autoridades municipales, departamentales y nacionales se enfoquen en ejecutar sus planes de gobierno y as\u00ed evitar que la poblaci\u00f3n se vea obligada a recurrir a bloqueos que perjudican la econom\u00eda y el suministro de productos b\u00e1sicos.<\/span><\/p>\n<p><span style=\"font-weight: 400;\">El representante del PDC se\u00f1al\u00f3 que es urgente que las instituciones llamadas por ley establezcan el Estado de Derecho e investiguen de oficio cualquier irregularidad o violencia que surja en los puntos de conflicto, garantizando que el cumplimiento de los compromisos electorales sea el mecanismo primordial para mantener la paz social.<\/span><\/p>\n<p><i><span style=\"font-weight: 400;\">Redacci\u00f3n | Jenny Caveros<\/span><\/i><\/p>\n","protected":false},"excerpt":{"rendered":"<p>COCHABAMBA \u2013 El proyecto de ley de Responsabilidad Electoral que busca\u00a0 que los candidatos electos a cargos nacionales y departamentales cumplan con sus promesas, fue presentado este pasado 12 de junio, como respuesta al recurrente olvido de los programas de gobierno una vez que las autoridades alcanzan el \u201cpoder\u00bb, as\u00ed lo mencion\u00f3 Wilder V\u00e9liz, Senador [&hellip;]<\/p>\n","protected":false},"author":7,"featured_media":1525,"comment_status":"closed","ping_status":"closed","sticky":false,"template":"","format":"standard","meta":{"footnotes":""},"categories":[3],"tags":[58,138,137,63,139,136],"class_list":["post-1524","post","type-post","status-publish","format-standard","has-post-thumbnail","hentry","category-noticias","tag-bloqueos","tag-ley","tag-normativa","tag-pdc","tag-proyecto","tag-senador"],"_links":{"self":[{"href":"https:\/\/radiosansimon.umss.edu.bo\/index.php\/wp-json\/wp\/v2\/posts\/1524","targetHints":{"allow":["GET"]}}],"collection":[{"href":"https:\/\/radiosansimon.umss.edu.bo\/index.php\/wp-json\/wp\/v2\/posts"}],"about":[{"href":"https:\/\/radiosansimon.umss.edu.bo\/index.php\/wp-json\/wp\/v2\/types\/post"}],"author":[{"embeddable":true,"href":"https:\/\/radiosansimon.umss.edu.bo\/index.php\/wp-json\/wp\/v2\/users\/7"}],"replies":[{"embeddable":true,"href":"https:\/\/radiosansimon.umss.edu.bo\/index.php\/wp-json\/wp\/v2\/comments?post=1524"}],"version-history":[{"count":1,"href":"https:\/\/radiosansimon.umss.edu.bo\/index.php\/wp-json\/wp\/v2\/posts\/1524\/revisions"}],"predecessor-version":[{"id":1526,"href":"https:\/\/radiosansimon.umss.edu.bo\/index.php\/wp-json\/wp\/v2\/posts\/1524\/revisions\/1526"}],"wp:featuredmedia":[{"embeddable":true,"href":"https:\/\/radiosansimon.umss.edu.bo\/index.php\/wp-json\/wp\/v2\/media\/1525"}],"wp:attachment":[{"href":"https:\/\/radiosansimon.umss.edu.bo\/index.php\/wp-json\/wp\/v2\/media?parent=1524"}],"wp:term":[{"taxonomy":"category","embeddable":true,"href":"https:\/\/radiosansimon.umss.edu.bo\/index.php\/wp-json\/wp\/v2\/categories?post=1524"},{"taxonomy":"post_tag","embeddable":true,"href":"https:\/\/radiosansimon.umss.edu.bo\/index.php\/wp-json\/wp\/v2\/tags?post=1524"}],"curies":[{"name":"wp","href":"https:\/\/api.w.org\/{rel}","templated":true}]}}