{"id":1892,"date":"2026-09-01T12:05:46","date_gmt":"2026-09-01T16:05:46","guid":{"rendered":"https:\/\/radiosansimon.umss.edu.bo\/?p=1892"},"modified":"2026-09-01T12:05:46","modified_gmt":"2026-09-01T16:05:46","slug":"el-botadero-ya-fenecio-vecinos-de-kara-kara-se-oponen-a-que-siga-entrando-basura-a-la-zona","status":"publish","type":"post","link":"https:\/\/radiosansimon.umss.edu.bo\/index.php\/2026\/09\/01\/el-botadero-ya-fenecio-vecinos-de-kara-kara-se-oponen-a-que-siga-entrando-basura-a-la-zona\/","title":{"rendered":"\u00abEL BOTADERO YA FENECI\u00d3\u00bb: VECINOS DE K\u00b4ARA K\u00b4ARA SE OPONEN A QUE SIGA ENTRANDO BASURA A LA ZONA"},"content":{"rendered":"<p><b>COCHABAMBA.<\/b><span style=\"font-weight: 400;\"> El conflicto por el vertedero de Kara Kara vuelve a reactivarse. Los comunarios y vecinos de los alrededores del botadero se declararon en estado de vigilia permanente tras ser notificados por el Juzgado Agroambiental Nacional para la realizaci\u00f3n de una nueva inspecci\u00f3n t\u00e9cnica. Los pobladores rechazan de manera rotunda esta medida, al considerarla una maniobra de la Alcald\u00eda de Cochabamba para prorrogar el dep\u00f3sito de basura en un \u00e1rea cuyo ciclo ya feneci\u00f3.<\/span><\/p>\n<p><b>Rechazo a la inspecci\u00f3n y defensa de la auditor\u00eda ambiental\u00a0<\/b><\/p>\n<p><span style=\"font-weight: 400;\">Renzo Ramos, dirigente vecinal de la zona de Kara Kara, inform\u00f3 que el sector recibi\u00f3 el pasado 22 de agosto una notificaci\u00f3n judicial emitida originalmente el 17 de agosto. Dicho documento ordena una nueva verificaci\u00f3n t\u00e9cnica para evaluar si a\u00fan queda espacio f\u00edsico disponible para albergar residuos en el vertedero.<\/span><\/p>\n<p><span style=\"font-weight: 400;\">Ramos manifest\u00f3 el rechazo un\u00e1nime de los vecinos a esta determinaci\u00f3n, argumentando que contradice una auditor\u00eda agroambiental que tom\u00f3 m\u00e1s de dos a\u00f1os de trabajo con especialistas de diversas \u00e1reas. \u00abQueremos que se respete la auditor\u00eda agroambiental que determin\u00f3 que el botadero de Kara Kara ya feneci\u00f3 con su l\u00edmite para que entre m\u00e1s basura\u00bb, asever\u00f3 el dirigente. Seg\u00fan lo estipulado por dicho estudio, el ingreso de desechos debi\u00f3 suspenderse definitivamente en agosto del a\u00f1o pasado.<\/span><\/p>\n<p><b>Pr\u00f3rrogas vencidas y desconfianza edil<\/b><span style=\"font-weight: 400;\">\u00a0<\/span><\/p>\n<p><span style=\"font-weight: 400;\">La representaci\u00f3n vecinal cuestion\u00f3 que, pese a los resultados de la auditor\u00eda, la justicia agroambiental otorg\u00f3 inicialmente una pr\u00f3rroga de siete meses y, posteriormente, el juzgado departamental sum\u00f3 otros cinco meses adicionales que vencieron de forma definitiva el pasado 30 de abril. Durante este periodo de m\u00e1s de un a\u00f1o, la municipalidad deb\u00eda concluir los trabajos de reconformaci\u00f3n de las celdas dos y tres.<\/span><\/p>\n<p><span style=\"font-weight: 400;\">No obstante, la Alcald\u00eda interpuso un amparo constitucional con el fin de viabilizar una nueva inspecci\u00f3n. \u00abEstamos susceptibles porque no definieron fecha ni hora; ya sabemos c\u00f3mo trabaja la alcald\u00eda y no permitiremos esta supuesta inspecci\u00f3n\u00bb, advirti\u00f3 Ramos, justificando la movilizaci\u00f3n vecinal.<\/span><\/p>\n<p><b>La defensa de la salud y el rechazo al di\u00e1logo<\/b><span style=\"font-weight: 400;\">\u00a0<\/span><\/p>\n<p><span style=\"font-weight: 400;\">Al ser consultado sobre el riesgo de enfrentar procesos judiciales por oponerse a las decisiones del juzgado, Ramos enfatiz\u00f3 que la lucha comunitaria no busca obstaculizar la gesti\u00f3n del municipio, sino proteger la vida de los habitantes. \u00abLa salud no se vende\u00bb, expres\u00f3, al recordar que en 2024 la Alcald\u00eda y exdirigentes hab\u00edan pactado de forma inconsulta la continuidad del botadero por 25 a\u00f1os m\u00e1s, un acuerdo que fue revertido tras la movilizaci\u00f3n de las bases.<\/span><\/p>\n","protected":false},"excerpt":{"rendered":"<p>COCHABAMBA. El conflicto por el vertedero de Kara Kara vuelve a reactivarse. Los comunarios y vecinos de los alrededores del botadero se declararon en estado de vigilia permanente tras ser notificados por el Juzgado Agroambiental Nacional para la realizaci\u00f3n de una nueva inspecci\u00f3n t\u00e9cnica. Los pobladores rechazan de manera rotunda esta medida, al considerarla una [&hellip;]<\/p>\n","protected":false},"author":7,"featured_media":1893,"comment_status":"closed","ping_status":"closed","sticky":false,"template":"","format":"standard","meta":{"footnotes":""},"categories":[3],"tags":[18,213,47],"class_list":["post-1892","post","type-post","status-publish","format-standard","has-post-thumbnail","hentry","category-noticias","tag-cochabamba","tag-karakara","tag-prensacochabamba"],"_links":{"self":[{"href":"https:\/\/radiosansimon.umss.edu.bo\/index.php\/wp-json\/wp\/v2\/posts\/1892","targetHints":{"allow":["GET"]}}],"collection":[{"href":"https:\/\/radiosansimon.umss.edu.bo\/index.php\/wp-json\/wp\/v2\/posts"}],"about":[{"href":"https:\/\/radiosansimon.umss.edu.bo\/index.php\/wp-json\/wp\/v2\/types\/post"}],"author":[{"embeddable":true,"href":"https:\/\/radiosansimon.umss.edu.bo\/index.php\/wp-json\/wp\/v2\/users\/7"}],"replies":[{"embeddable":true,"href":"https:\/\/radiosansimon.umss.edu.bo\/index.php\/wp-json\/wp\/v2\/comments?post=1892"}],"version-history":[{"count":1,"href":"https:\/\/radiosansimon.umss.edu.bo\/index.php\/wp-json\/wp\/v2\/posts\/1892\/revisions"}],"predecessor-version":[{"id":1894,"href":"https:\/\/radiosansimon.umss.edu.bo\/index.php\/wp-json\/wp\/v2\/posts\/1892\/revisions\/1894"}],"wp:featuredmedia":[{"embeddable":true,"href":"https:\/\/radiosansimon.umss.edu.bo\/index.php\/wp-json\/wp\/v2\/media\/1893"}],"wp:attachment":[{"href":"https:\/\/radiosansimon.umss.edu.bo\/index.php\/wp-json\/wp\/v2\/media?parent=1892"}],"wp:term":[{"taxonomy":"category","embeddable":true,"href":"https:\/\/radiosansimon.umss.edu.bo\/index.php\/wp-json\/wp\/v2\/categories?post=1892"},{"taxonomy":"post_tag","embeddable":true,"href":"https:\/\/radiosansimon.umss.edu.bo\/index.php\/wp-json\/wp\/v2\/tags?post=1892"}],"curies":[{"name":"wp","href":"https:\/\/api.w.org\/{rel}","templated":true}]}}